{"id":560,"date":"2022-02-05T13:00:21","date_gmt":"2022-02-05T11:00:21","guid":{"rendered":"http:\/\/terremonde.hypotheses.org\/?p=560"},"modified":"2022-02-05T13:00:21","modified_gmt":"2022-02-05T11:00:21","slug":"revue-de-presse-22","status":"publish","type":"post","link":"https:\/\/terremonde.org\/?p=560","title":{"rendered":"Revue de presse"},"content":{"rendered":"\n<p><em>Martinique<\/em><\/p>\n\n\n\n<p>L\u2019ancien ministre de l\u2019agriculture, Louis Mermaz, qui a sign\u00e9 la d\u00e9rogation autorisant l\u2019\u00e9coulement des stocks de chlord\u00e9cone interdit en m\u00e9tropole dans les Antilles a \u00e9t\u00e9 auditionn\u00e9 le 22 janvier par le tribunal judiciaire de Paris. Il nie avoir eu connaissance de cette d\u00e9cision et rejette la responsabilit\u00e9 sur son cabinet de l\u2019\u00e9poque.<\/p>\n\n\n\n<p><a href=\"https:\/\/www.francetvinfo.fr\/economie\/emploi\/metiers\/info-franceinfo-chlordecone-un-ex-ministre-de-francois-mitterrandentendu-en-juillet2021-par-les-juges_4936911.html\">https:\/\/www.francetvinfo.fr\/economie\/emploi\/metiers\/info-franceinfo-chlordecone-un-ex-ministre-de-francois-mitterrandentendu-en-juillet2021-par-les-juges_4936911.html<\/a><\/p>\n\n\n\n<p>Le 26 janvier, la Pr\u00e9fecture annonce \u00ab&nbsp;des avanc\u00e9es majeures&nbsp;\u00bb dans les mesures de r\u00e9habilitation cons\u00e9cutives \u00e0 la pollution au chlord\u00e9cone. Celles-ci comprennent&nbsp;: la gratuit\u00e9 de l\u2019examen m\u00e9dical \u00e9valuant le taux de contamination des individus, la mise en place d\u2019un dispositif gratuit d\u2019accompagnement des victimes souhaitant d\u00e9poser une demande d\u2019indemnisations, l\u2019augmentation des moyens consacr\u00e9s \u00e0 la d\u00e9contamination, et la mise en place d\u2019une aide sp\u00e9cialement d\u00e9di\u00e9e aux marins-p\u00eacheurs.<\/p>\n\n\n\n<p><a href=\"https:\/\/la1ere.francetvinfo.fr\/martinique\/plan-chlordecone-iv-le-comite-de-pilotage-de-martinique-annonce-des-avances-majeures-1213762.html\">https:\/\/la1ere.francetvinfo.fr\/martinique\/plan-chlordecone-iv-le-comite-de-pilotage-de-martinique-annonce-des-avances-majeures-1213762.html<\/a><\/p>\n\n\n\n<p>Le syndicat des marins-p\u00eacheurs a d\u00e9nonc\u00e9 l\u2019aide sp\u00e9ciale comme \u00e9tant un leurre, et tr\u00e8s insuffisante&nbsp;: elle ne pr\u00e9voit en effet que l\u2019exon\u00e9ration des cotisations sociales pour le trimestre o\u00f9 elle est demand\u00e9e.<\/p>\n\n\n\n<p><a href=\"https:\/\/la1ere.francetvinfo.fr\/guadeloupe\/chlordecone-quelle-est-cette-nouvelle-aide-creee-pour-les-marins-pecheurs-des-antilles-1204609.html\">https:\/\/la1ere.francetvinfo.fr\/guadeloupe\/chlordecone-quelle-est-cette-nouvelle-aide-creee-pour-les-marins-pecheurs-des-antilles-1204609.html<\/a><\/p>\n\n\n\n<p>La chambre d\u2019agriculture de Martinique annonce qu\u2019elle travaille \u00e0 la d\u00e9finition d\u2019un label \u00ab\u00a0bien manger local en sant\u00e9\u00a0\u00bb, pour rassurer les consommateurs sur les productions de l\u2019\u00eele. Ceci s\u2019inscrit dans un programme dont les objectifs affich\u00e9s sont\u00a0: la sensibilisation des professionnels et du public aux risques de cancer, la promotion d\u2019une alimentation diversifi\u00e9e et de saison, la promotion des produits laitiers locaux en tant qu&#8217;anticanc\u00e9rig\u00e8nes.<\/p>\n\n\n\n<p><a href=\"https:\/\/viaatv.tv\/bien-manger-local-en-sante-un-label-et-un-programme-innovant-pour-reduire-le-risque-de-cancer\/\">https:\/\/viaatv.tv\/bien-manger-local-en-sante-un-label-et-un-programme-innovant-pour-reduire-le-risque-de-cancer\/<\/a><\/p>\n\n\n\n<div style=\"height:100px\" class=\"wp-block-spacer\"><\/div>\n\n\n\n<p><em>Mayotte<\/em><\/p>\n\n\n\n<p>La ville de Mamoudzou a r\u00e9cemment dot\u00e9 sa police municipale d\u2019une \u00ab&nbsp;brigade verte&nbsp;\u00bb charg\u00e9e de sensibiliser les gens contre le d\u00e9p\u00f4t de d\u00e9chets sur la voie publique&nbsp;; les habitant\u22c5es demandent des bennes pour pouvoir d\u00e9poser les ordures&nbsp;; \u00e0 partir de f\u00e9vrier la brigade pourra verbaliser.<\/p>\n\n\n\n<p><a href=\"https:\/\/lejournaldemayotte.yt\/2022\/01\/28\/avec-sa-brigade-verte-la-ville-de-mamoudzou-allie-sensibilisation-et-repression-pour-changer-les-mentalites\/?utm_source=rss&amp;utm_medium=rss&amp;utm_campaign=avec-sa-brigade-verte-la-ville-de-mamoudzou-allie-sensibilisation-et-repression-pour-changer-les-mentalites\">https:\/\/lejournaldemayotte.yt\/2022\/01\/28\/avec-sa-brigade-verte-la-ville-de-mamoudzou-allie-sensibilisation-et-repression-pour-changer-les-mentalites\/?utm_source=rss&amp;utm_medium=rss&amp;utm_campaign=avec-sa-brigade-verte-la-ville-de-mamoudzou-allie-sensibilisation-et-repression-pour-changer-les-mentalites<\/a><\/p>\n\n\n\n<p>Le 17 janvier, le parc naturel marin a fait installer deux premiers filets de capture des d\u00e9chets dans les caniveaux d\u00e9bouchant sur le lagon, pour pi\u00e9ger les d\u00e9chets emport\u00e9s par les pluies. Une entreprise de ramassage est charg\u00e9e de relever r\u00e9guli\u00e8rement les filets.<\/p>\n\n\n\n<p><a href=\"https:\/\/www.linfokwezi.fr\/un-nouveau-dispositif-du-parc-naturel-marin-plutot-impressionnant\/\">https:\/\/www.linfokwezi.fr\/un-nouveau-dispositif-du-parc-naturel-marin-plutot-impressionnant\/<\/a><\/p>\n\n\n\n<div style=\"height:100px\" class=\"wp-block-spacer\"><\/div>\n\n\n\n<p><em>Guyane<\/em><\/p>\n\n\n\n<p>La ministre de la transition \u00e9cologique Barbara Pompili, en visite en Guyane, a r\u00e9affirm\u00e9 le soutien de l\u2019\u00c9tat envers le projet, contest\u00e9 par diverses associations \u00e9cologistes, de cr\u00e9ation d\u2019une centrale \u00e9lectrique au fioul ou \u00e0 la biomasse liquide dans la mangrove de Larrivot.<\/p>\n\n\n\n<p><a href=\"https:\/\/outremers360.com\/bassin-atlantique-appli\/en-guyane-barbara-pompili-maintient-son-soutien-au-projet-de-centrale-conteste-du-larivot\">https:\/\/outremers360.com\/bassin-atlantique-appli\/en-guyane-barbara-pompili-maintient-son-soutien-au-projet-de-centrale-conteste-du-larivot<\/a><\/p>\n\n\n\n<p>Elle a annonc\u00e9, avec le pr\u00e9sident de la CGT Jean-Paul Fereira, la cr\u00e9ation d\u2019une Agence Territoriale de la Biodiversit\u00e9, avec quatre objectifs&nbsp;: \u00ab&nbsp;la connaissance et la valorisation de la biodiversit\u00e9&nbsp;; la pr\u00e9servation et la valorisation&nbsp;; l\u2019assistance technique&nbsp;; et la sensibilisation du public&nbsp;\u00bb. Patrick Lecante, maire de Montsin\u00e9ry-Tonn\u00e9grande, pr\u00e9sident de du Comit\u00e9 eau et Biodiversit\u00e9, un des organismes associ\u00e9s de l\u2019Agence Territoriale de la biodiversit\u00e9 de Guyane, r\u00e9sume ainsi ses objectifs&nbsp;: \u00ab&nbsp;L\u2019objectif est que la biodiversit\u00e9 amazonienne ne soit pas mise sous cloche mais valoris\u00e9e et mieux pr\u00e9serv\u00e9e pour nous tous [\u2026] L\u2019objectif imm\u00e9diat c\u2019est la lutte contre toutes les formes de pillages aurif\u00e8res, halieutiques, biologiques&nbsp;\u00bb<\/p>\n\n\n\n<p><a href=\"https:\/\/la1ere.francetvinfo.fr\/guyane\/une-agence-territoriale-de-la-biodiversite-en-guyane-des-le-second-semestre-2022-1219623.html\">https:\/\/la1ere.francetvinfo.fr\/guyane\/une-agence-territoriale-de-la-biodiversite-en-guyane-des-le-second-semestre-2022-1219623.html<\/a><\/p>\n\n\n\n<p>La F\u00e9d\u00e9ration des Op\u00e9rateurs Miniers de Guyane a demand\u00e9 \u00e0 y si\u00e9ger en tant que membre permanent. \u00ab&nbsp;<em>On fait du d\u00e9veloppement durable, on est au c\u0153ur de tout \u00e7a et je ne vois pas pourquoi on n\u2019est pas inclu&nbsp;\u00bb<\/em>, d\u00e9plore sa pr\u00e9sidente Carol Ostorero.<\/p>\n\n\n\n<div style=\"height:100px\" class=\"wp-block-spacer\"><\/div>\n\n\n\n<p><em>La R\u00e9union<\/em><\/p>\n\n\n\n<p>L\u2019association Domoun La Plaine a manifest\u00e9 le 23 janvier contre le projet touristique de la mairie du Tampon, intitul\u00e9 \u00ab&nbsp;Parc du Volcan&nbsp;\u00bb, qui pr\u00e9voit l\u2019installation de dix tyroliennes sur le Piton Dugain.<\/p>\n\n\n\n<p><a href=\"https:\/\/www.zinfos974.com\/Plaine-des-Cafres-Domoun-La-Plaine-manifeste-contre-les-tyroliennes-du-Parc-du-Volcan_a178126.html\">https:\/\/www.zinfos974.com\/Plaine-des-Cafres-Domoun-La-Plaine-manifeste-contre-les-tyroliennes-du-Parc-du-Volcan_a178126.html<\/a><\/p>\n\n\n\n<div style=\"height:100px\" class=\"wp-block-spacer\"><\/div>\n\n\n\n<p><em>Nouvelle Cal\u00e9donie<\/em><\/p>\n\n\n\n<p>Depuis le 14 d\u00e9cembre dernier, un d\u00e9p\u00f4toir situ\u00e9 sur une concession de la Soci\u00e9t\u00e9 le Nickel, menace de verser dans la baie adjacente de Kouaoua. Le 3 f\u00e9vrier, le collectif Chene-Gome de Kaa Wi Paa a organis\u00e9 un barrage filtrant interdisant le passage aux ouvriers de la mine, pour protester contre l\u2019inaction de l\u2019entreprise et de la mairie, qui selon eux se revoient la balle.<\/p>\n\n\n\n<p><a href=\"https:\/\/la1ere.francetvinfo.fr\/nouvellecaledonie\/province-nord\/kouaoua\/kouaoua-le-depotoir-qui-menace-de-s-effondrer-inquiete-les-habitants-1221225.html\">https:\/\/la1ere.francetvinfo.fr\/nouvellecaledonie\/province-nord\/kouaoua\/kouaoua-le-depotoir-qui-menace-de-s-effondrer-inquiete-les-habitants-1221225.html<\/a><\/p>\n\n\n\n<p>Le 16 janvier, de tr\u00e8s nombreux poissons morts ont \u00e9t\u00e9 retrouv\u00e9s par les habitants de la tribu de B\u00e2, \u00e0 Houa\u00eflou, qui ont d\u00e9cid\u00e9 de suspendre leur p\u00eache alimentaire dans la baie, en attendant les r\u00e9sultats d\u2019analyse toxicologique.<\/p>\n\n\n\n<p><a href=\"https:\/\/la1ere.francetvinfo.fr\/nouvellecaledonie\/province-nord\/houailou\/des-dizaines-de-poissons-retrouves-morts-a-houailou-1205320.html\">https:\/\/la1ere.francetvinfo.fr\/nouvellecaledonie\/province-nord\/houailou\/des-dizaines-de-poissons-retrouves-morts-a-houailou-1205320.html<\/a><\/p>\n\n\n\n<div style=\"height:100px\" class=\"wp-block-spacer\"><\/div>\n\n\n\n<p><em>Polyn\u00e9sie fran\u00e7aise<\/em><\/p>\n\n\n\n<p>Trois jours de colloque consacr\u00e9s \u00e0 l\u2019histoire compar\u00e9e des essais nucl\u00e9aires fran\u00e7ais ont \u00e9t\u00e9 organis\u00e9s \u00e0 Paris du 19 au 21 janvier par des chercheurs du laboratoire CRESAT de l\u2019Universit\u00e9 de Haute Alsace. Elles ont \u00e9t\u00e9 introduites par Edouard Fritch, pr\u00e9sident de Polyn\u00e9sie fran\u00e7aise, qui participait dans le m\u00eame temps \u00e0 la table ronde sur l\u2019indemnisation des victimes du nucl\u00e9aire propos\u00e9e par l\u2019Elys\u00e9e, une initiative qu\u2019il pr\u00e9sente ainsi&nbsp;: \u00ab <em>D\u00e9sormais, nos interlocuteurs nous consid\u00e8rent \u00e0 \u00e9galit\u00e9 de citoyens, dans un \u00e9change franc, objectif et respectueux. On ne vient plus nous dire ce que nous devons ressentir et ce que nous devons penser. Au contraire, on r\u00e9pond avec rigueur et professionnalisme \u00e0 nos interrogations au lieu de les chapitrer ou de les railler<\/em> \u00bb.<\/p>\n\n\n\n<p><a href=\"https:\/\/www.presidence.pf\/ouverture-du-colloque-international-des-essais-au-desert-pour-une-histoire-comparee-et-transnationale-des-sites-dessais-nucleaires-a-paris\/\">https:\/\/www.presidence.pf\/ouverture-du-colloque-international-des-essais-au-desert-pour-une-histoire-comparee-et-transnationale-des-sites-dessais-nucleaires-a-paris\/<\/a><\/p>\n\n\n\n<p>Ici, le programme int\u00e9gral du colloque &nbsp;:<\/p>\n\n\n\n<p><a href=\"https:\/\/www.presidence.pf\/wp-content\/uploads\/2022\/01\/Programme-du-colloque.pdf\">https:\/\/www.presidence.pf\/wp-content\/uploads\/2022\/01\/Programme-du-colloque.pdf<\/a><\/p>\n\n\n\n<p>Une \u00e9quipe de biologie marine du CNRS a commenc\u00e9 \u00e0 \u00e9tudier un r\u00e9cif corallien situ\u00e9 \u00e0 plus de 30 m\u00e8tres de profondeur, au large de Tahiti Ces coraux ne pr\u00e9sentent pas encore les signes de blanchiment et de maladie que pr\u00e9sentent massivement les r\u00e9cifs coralliens polyn\u00e9siens de moindre profondeur.<\/p>\n\n\n\n<p><a href=\"https:\/\/www.tntv.pf\/tntvnews\/polynesie\/environnement\/lun-des-plus-grands-recifs-coralliens-profonds-du-monde-decouvert-au-large-de-tahiti\/\">https:\/\/www.tntv.pf\/tntvnews\/polynesie\/environnement\/lun-des-plus-grands-recifs-coralliens-profonds-du-monde-decouvert-au-large-de-tahiti\/<\/a><\/p>\n\n\n\n<p>Le gouvernement Polyn\u00e9sien a publi\u00e9 un communiqu\u00e9 d\u00e9plorant que cette \u00e9tude ait \u00e9t\u00e9 pr\u00e9sent\u00e9e comme la \u00ab&nbsp;d\u00e9couverte&nbsp;\u00bb de ce r\u00e9cif, connu de longue date des plongeurs et p\u00eacheurs locaux.<\/p>\n\n\n\n<p><a href=\"https:\/\/la1ere.francetvinfo.fr\/polynesie\/tahiti\/polynesie-francaise\/recif-de-coraux-geants-une-decouverte-connue-de-tous-1210135.html\">https:\/\/la1ere.francetvinfo.fr\/polynesie\/tahiti\/polynesie-francaise\/recif-de-coraux-geants-une-decouverte-connue-de-tous-1210135.html<\/a><\/p>\n\n\n\n<div style=\"height:100px\" class=\"wp-block-spacer\"><\/div>\n\n\n\n<p><em>Guadeloupe<\/em><\/p>\n\n\n\n<p>Le projet de parc \u00e9olien de Dadoud \u00e0 Petit Canal suscite l\u2019opposition d\u2019un collectif d\u2019agriculteurs&nbsp;: tous les exploitants de la zone ne disposant pas d\u2019un bail rural, tous ne seraient pas indemnis\u00e9s pour les terres qui seraient soustraites \u00e0 leur activit\u00e9.<\/p>\n\n\n\n<p><a href=\"https:\/\/la1ere.francetvinfo.fr\/guadeloupe\/des-agriculteurs-de-petit-canal-mobilises-contre-un-projet-de-10-eoliennes-a-dadoud-1220919.html\">https:\/\/la1ere.francetvinfo.fr\/guadeloupe\/des-agriculteurs-de-petit-canal-mobilises-contre-un-projet-de-10-eoliennes-a-dadoud-1220919.html<\/a><\/p>\n","protected":false},"excerpt":{"rendered":"<p>Martinique L\u2019ancien ministre de l\u2019agriculture, Louis Mermaz, qui a sign\u00e9 la d\u00e9rogation autorisant l\u2019\u00e9coulement des stocks de chlord\u00e9cone interdit en m\u00e9tropole dans les Antilles a \u00e9t\u00e9 auditionn\u00e9 le 22 janvier par le tribunal judiciaire de Paris. Il nie avoir eu connaissance de cette d\u00e9cision et rejette la responsabilit\u00e9 sur son cabinet de l\u2019\u00e9poque. https:\/\/www.francetvinfo.fr\/economie\/emploi\/metiers\/info-franceinfo-chlordecone-un-ex-ministre-de-francois-mitterrandentendu-en-juillet2021-par-les-juges_4936911.html Le [&hellip;]<\/p>\n","protected":false},"author":1,"featured_media":0,"comment_status":"open","ping_status":"open","sticky":false,"template":"","format":"standard","meta":{"om_disable_all_campaigns":false,"_monsterinsights_skip_tracking":false,"_monsterinsights_sitenote_active":false,"_monsterinsights_sitenote_note":"","_monsterinsights_sitenote_category":0,"site-sidebar-layout":"default","site-content-layout":"","ast-site-content-layout":"","site-content-style":"default","site-sidebar-style":"default","ast-global-header-display":"","ast-banner-title-visibility":"","ast-main-header-display":"","ast-hfb-above-header-display":"","ast-hfb-below-header-display":"","ast-hfb-mobile-header-display":"","site-post-title":"","ast-breadcrumbs-content":"","ast-featured-img":"","footer-sml-layout":"","theme-transparent-header-meta":"","adv-header-id-meta":"","stick-header-meta":"","header-above-stick-meta":"","header-main-stick-meta":"","header-below-stick-meta":"","astra-migrate-meta-layouts":"default","ast-page-background-enabled":"default","ast-page-background-meta":{"desktop":{"background-color":"var(--ast-global-color-4)","background-image":"","background-repeat":"repeat","background-position":"center center","background-size":"auto","background-attachment":"scroll","background-type":"","background-media":"","overlay-type":"","overlay-color":"","overlay-opacity":"","overlay-gradient":""},"tablet":{"background-color":"","background-image":"","background-repeat":"repeat","background-position":"center center","background-size":"auto","background-attachment":"scroll","background-type":"","background-media":"","overlay-type":"","overlay-color":"","overlay-opacity":"","overlay-gradient":""},"mobile":{"background-color":"","background-image":"","background-repeat":"repeat","background-position":"center center","background-size":"auto","background-attachment":"scroll","background-type":"","background-media":"","overlay-type":"","overlay-color":"","overlay-opacity":"","overlay-gradient":""}},"ast-content-background-meta":{"desktop":{"background-color":"var(--ast-global-color-5)","background-image":"","background-repeat":"repeat","background-position":"center center","background-size":"auto","background-attachment":"scroll","background-type":"","background-media":"","overlay-type":"","overlay-color":"","overlay-opacity":"","overlay-gradient":""},"tablet":{"background-color":"var(--ast-global-color-5)","background-image":"","background-repeat":"repeat","background-position":"center center","background-size":"auto","background-attachment":"scroll","background-type":"","background-media":"","overlay-type":"","overlay-color":"","overlay-opacity":"","overlay-gradient":""},"mobile":{"background-color":"var(--ast-global-color-5)","background-image":"","background-repeat":"repeat","background-position":"center center","background-size":"auto","background-attachment":"scroll","background-type":"","background-media":"","overlay-type":"","overlay-color":"","overlay-opacity":"","overlay-gradient":""}},"footnotes":""},"categories":[8],"tags":[],"aioseo_notices":[],"_links":{"self":[{"href":"https:\/\/terremonde.org\/index.php?rest_route=\/wp\/v2\/posts\/560"}],"collection":[{"href":"https:\/\/terremonde.org\/index.php?rest_route=\/wp\/v2\/posts"}],"about":[{"href":"https:\/\/terremonde.org\/index.php?rest_route=\/wp\/v2\/types\/post"}],"author":[{"embeddable":true,"href":"https:\/\/terremonde.org\/index.php?rest_route=\/wp\/v2\/users\/1"}],"replies":[{"embeddable":true,"href":"https:\/\/terremonde.org\/index.php?rest_route=%2Fwp%2Fv2%2Fcomments&post=560"}],"version-history":[{"count":0,"href":"https:\/\/terremonde.org\/index.php?rest_route=\/wp\/v2\/posts\/560\/revisions"}],"wp:attachment":[{"href":"https:\/\/terremonde.org\/index.php?rest_route=%2Fwp%2Fv2%2Fmedia&parent=560"}],"wp:term":[{"taxonomy":"category","embeddable":true,"href":"https:\/\/terremonde.org\/index.php?rest_route=%2Fwp%2Fv2%2Fcategories&post=560"},{"taxonomy":"post_tag","embeddable":true,"href":"https:\/\/terremonde.org\/index.php?rest_route=%2Fwp%2Fv2%2Ftags&post=560"}],"curies":[{"name":"wp","href":"https:\/\/api.w.org\/{rel}","templated":true}]}}